{"id":72,"date":"2019-02-16T15:38:01","date_gmt":"2019-02-16T14:38:01","guid":{"rendered":"https:\/\/www.ccbb-insaiguaviva.org\/catala\/?p=72"},"modified":"2019-02-16T15:42:17","modified_gmt":"2019-02-16T14:42:17","slug":"llengua-catalana-1r-eso-3r-trimestre","status":"publish","type":"post","link":"https:\/\/www.ccbb-insaiguaviva.org\/catala\/llengua-catalana-1r-eso-3r-trimestre\/","title":{"rendered":"Llengua catalana 1r ESO. 3r Trimestre"},"content":{"rendered":"\n<p>  <\/p>\n\n\n\n<p><em><strong>\u00c0MBIT LING\u00dc\u00cdSTIC<\/strong><\/em><\/p>\n\n\n\n<p><strong>COMPRENSI\u00d3 LECTORA (COMPET\u00c8NCIES &#8230;.)<\/strong><\/p>\n\n\n\n<table class=\"wp-block-table\"><tbody><tr><td>AE<\/td><td> <\/td><\/tr><tr><td>AN<\/td><td><\/td><\/tr><tr><td>AS<\/td><td><\/td><\/tr><tr><td>NA<\/td><td><\/td><\/tr><\/tbody><\/table>\n\n\n\n<p><strong>EXPRESSI\u00d3 ESCRITA (COMPET\u00c8NCIA &#8230;)<\/strong><\/p>\n\n\n\n<table class=\"wp-block-table\"><tbody><tr><td>AE<\/td><td><\/td><\/tr><tr><td>AN<\/td><td><\/td><\/tr><tr><td>AS<\/td><td><\/td><\/tr><tr><td>NA<\/td><td><\/td><\/tr><\/tbody><\/table>\n\n\n\n<p><strong>EXPRESSI\u00d3 ORAL &nbsp;(COMPET\u00c8NCIA &#8230;.)<\/strong><\/p>\n\n\n\n<table class=\"wp-block-table\"><tbody><tr><td>AE<\/td><td><\/td><\/tr><tr><td>AN<\/td><td><\/td><\/tr><tr><td>AS<\/td><td>  <\/td><\/tr><tr><td>NA<\/td><td><\/td><\/tr><\/tbody><\/table>\n\n\n\n<p><strong>ACTITUD &#8230;<\/strong><\/p>\n\n\n\n<table class=\"wp-block-table\"><tbody><tr><td>AE<\/td><td><\/td><\/tr><tr><td>AN<\/td><td> <\/td><\/tr><tr><td>AS<\/td><td><\/td><\/tr><tr><td>NA<\/td><td><\/td><\/tr><\/tbody><\/table>\n\n\n\n<p><em><strong>\u00c0MBIT PERSONAL I SOCIAL<\/strong><\/em><\/p>\n\n\n\n<p><strong>COMPET\u00c8NCIA &#8230;<\/strong><\/p>\n\n\n\n<table class=\"wp-block-table\"><tbody><tr><td>AE<\/td><td><\/td><\/tr><tr><td>AN<\/td><td><\/td><\/tr><tr><td>AS<\/td><td><\/td><\/tr><tr><td>NA<\/td><td><\/td><\/tr><\/tbody><\/table>\n","protected":false},"excerpt":{"rendered":"<p>\u00c0MBIT LING\u00dc\u00cdSTIC COMPRENSI\u00d3 LECTORA (COMPET\u00c8NCIES &#8230;.) AE AN AS NA EXPRESSI\u00d3 ESCRITA (COMPET\u00c8NCIA &#8230;) AE AN AS NA EXPRESSI\u00d3 ORAL &nbsp;(COMPET\u00c8NCIA &#8230;.) AE AN AS NA ACTITUD &#8230; AE AN AS NA \u00c0MBIT PERSONAL I SOCIAL COMPET\u00c8NCIA &#8230; AE AN &hellip; <a href=\"https:\/\/www.ccbb-insaiguaviva.org\/catala\/llengua-catalana-1r-eso-3r-trimestre\/\">Continua llegint <span class=\"meta-nav\">&rarr;<\/span><\/a><\/p>\n","protected":false},"author":1,"featured_media":0,"comment_status":"closed","ping_status":"closed","sticky":false,"template":"","format":"standard","meta":{"footnotes":""},"categories":[1],"tags":[],"class_list":["post-72","post","type-post","status-publish","format-standard","hentry","category-general"],"_links":{"self":[{"href":"https:\/\/www.ccbb-insaiguaviva.org\/catala\/wp-json\/wp\/v2\/posts\/72"}],"collection":[{"href":"https:\/\/www.ccbb-insaiguaviva.org\/catala\/wp-json\/wp\/v2\/posts"}],"about":[{"href":"https:\/\/www.ccbb-insaiguaviva.org\/catala\/wp-json\/wp\/v2\/types\/post"}],"author":[{"embeddable":true,"href":"https:\/\/www.ccbb-insaiguaviva.org\/catala\/wp-json\/wp\/v2\/users\/1"}],"replies":[{"embeddable":true,"href":"https:\/\/www.ccbb-insaiguaviva.org\/catala\/wp-json\/wp\/v2\/comments?post=72"}],"version-history":[{"count":2,"href":"https:\/\/www.ccbb-insaiguaviva.org\/catala\/wp-json\/wp\/v2\/posts\/72\/revisions"}],"predecessor-version":[{"id":78,"href":"https:\/\/www.ccbb-insaiguaviva.org\/catala\/wp-json\/wp\/v2\/posts\/72\/revisions\/78"}],"wp:attachment":[{"href":"https:\/\/www.ccbb-insaiguaviva.org\/catala\/wp-json\/wp\/v2\/media?parent=72"}],"wp:term":[{"taxonomy":"category","embeddable":true,"href":"https:\/\/www.ccbb-insaiguaviva.org\/catala\/wp-json\/wp\/v2\/categories?post=72"},{"taxonomy":"post_tag","embeddable":true,"href":"https:\/\/www.ccbb-insaiguaviva.org\/catala\/wp-json\/wp\/v2\/tags?post=72"}],"curies":[{"name":"wp","href":"https:\/\/api.w.org\/{rel}","templated":true}]}}